{"id":378616,"date":"2025-02-17T08:20:54","date_gmt":"2025-02-17T07:20:54","guid":{"rendered":"https:\/\/mlcluster.com\/?p=378616"},"modified":"2025-03-03T08:32:28","modified_gmt":"2025-03-03T07:32:28","slug":"ar-racking-nuevo-gerente-general-en-chile","status":"publish","type":"post","link":"https:\/\/mlcluster.com\/en\/ar-racking-nuevo-gerente-general-en-chile\/","title":{"rendered":"AR Racking. <BR>Nuevo gerente general en Chile"},"content":{"rendered":"<p>AR Racking anuncia la nueva posici\u00f3n de Josu\u00e9 Gonzalez, como nuevo gerente de la delegaci\u00f3n de Chile. Tras cuatro a\u00f1os en la compa\u00f1\u00eda y catorce de trayectoria en el sector, Gonz\u00e1lez ha liderado trabajos clave para proyectos estrat\u00e9gicos en el mercado chileno. Su nombramiento refuerza el compromiso de la empresa con el desarrollo interno del talento y su apuesta por el liderazgo local. <a href=\"https:\/\/www.ar-racking.com\/es\/noticias\/ar-racking-nombra-josue-gonzalez-soto-nuevo-gerente-general-chile\/\" target=\"_blank\" rel=\"noopener\">(+)<\/a><\/p>\n","protected":false},"excerpt":{"rendered":"<p>AR Racking anuncia la nueva posici\u00f3n de Josu\u00e9 Gonzalez, como nuevo gerente de la delegaci\u00f3n de Chile. Tras cuatro a\u00f1os en la compa\u00f1\u00eda y catorce de trayectoria en el sector, Gonz\u00e1lez ha liderado trabajos clave para proyectos estrat\u00e9gicos en el mercado chileno. Su nombramiento refuerza el compromiso de la empresa con el desarrollo interno del&hellip;<\/p>\n","protected":false},"author":3,"featured_media":0,"comment_status":"closed","ping_status":"closed","sticky":false,"template":"","format":"standard","meta":{"footnotes":""},"categories":[592],"tags":[],"yoast_head":"<!-- This site is optimized with the Yoast SEO plugin v24.5 - https:\/\/yoast.com\/wordpress\/plugins\/seo\/ -->\n<title>AR Racking. Nuevo gerente general en Chile - Basque Country Mobility and Logistics Cluster<\/title>\n<meta name=\"robots\" content=\"index, follow, max-snippet:-1, max-image-preview:large, max-video-preview:-1\" \/>\n<link rel=\"canonical\" href=\"https:\/\/mlcluster.com\/ar-racking-nuevo-gerente-general-en-chile\/\" \/>\n<meta property=\"og:locale\" content=\"en_US\" \/>\n<meta property=\"og:type\" content=\"article\" \/>\n<meta property=\"og:title\" content=\"AR Racking. Nuevo gerente general en Chile - Basque Country Mobility and Logistics Cluster\" \/>\n<meta property=\"og:description\" content=\"AR Racking anuncia la nueva posici\u00f3n de Josu\u00e9 Gonzalez, como nuevo gerente de la delegaci\u00f3n de Chile. Tras cuatro a\u00f1os en la compa\u00f1\u00eda y catorce de trayectoria en el sector, Gonz\u00e1lez ha liderado trabajos clave para proyectos estrat\u00e9gicos en el mercado chileno. Su nombramiento refuerza el compromiso de la empresa con el desarrollo interno del&hellip;\" \/>\n<meta property=\"og:url\" content=\"https:\/\/mlcluster.com\/ar-racking-nuevo-gerente-general-en-chile\/\" \/>\n<meta property=\"og:site_name\" content=\"Basque Country Mobility and Logistics Cluster\" \/>\n<meta property=\"article:published_time\" content=\"2025-02-17T07:20:54+00:00\" \/>\n<meta property=\"article:modified_time\" content=\"2025-03-03T07:32:28+00:00\" \/>\n<meta name=\"author\" content=\"mlcluster\" \/>\n<meta name=\"twitter:card\" content=\"summary_large_image\" \/>\n<meta name=\"twitter:label1\" content=\"Written by\" \/>\n\t<meta name=\"twitter:data1\" content=\"mlcluster\" \/>\n<script type=\"application\/ld+json\" class=\"yoast-schema-graph\">{\"@context\":\"https:\/\/schema.org\",\"@graph\":[{\"@type\":\"WebPage\",\"@id\":\"https:\/\/mlcluster.com\/ar-racking-nuevo-gerente-general-en-chile\/\",\"url\":\"https:\/\/mlcluster.com\/ar-racking-nuevo-gerente-general-en-chile\/\",\"name\":\"AR Racking. Nuevo gerente general en Chile - Basque Country Mobility and Logistics Cluster\",\"isPartOf\":{\"@id\":\"https:\/\/mlcluster.com\/#website\"},\"datePublished\":\"2025-02-17T07:20:54+00:00\",\"dateModified\":\"2025-03-03T07:32:28+00:00\",\"author\":{\"@id\":\"https:\/\/mlcluster.com\/#\/schema\/person\/78923a2ee1515b546802b89a1d16a7a6\"},\"breadcrumb\":{\"@id\":\"https:\/\/mlcluster.com\/ar-racking-nuevo-gerente-general-en-chile\/#breadcrumb\"},\"inLanguage\":\"en-US\",\"potentialAction\":[{\"@type\":\"ReadAction\",\"target\":[\"https:\/\/mlcluster.com\/ar-racking-nuevo-gerente-general-en-chile\/\"]}]},{\"@type\":\"BreadcrumbList\",\"@id\":\"https:\/\/mlcluster.com\/ar-racking-nuevo-gerente-general-en-chile\/#breadcrumb\",\"itemListElement\":[{\"@type\":\"ListItem\",\"position\":1,\"name\":\"Portada\",\"item\":\"https:\/\/mlcluster.com\/en\/\"},{\"@type\":\"ListItem\",\"position\":2,\"name\":\"AR Racking. Nuevo gerente general en Chile\"}]},{\"@type\":\"WebSite\",\"@id\":\"https:\/\/mlcluster.com\/#website\",\"url\":\"https:\/\/mlcluster.com\/\",\"name\":\"Basque Country Mobility and Logistics Cluster\",\"description\":\"Asociaci\u00f3n de empresas de Movilidad y Log\u00edstica del Pa\u00eds Vasco cuya misi\u00f3n es favorecer la competitividad impulsando la innovaci\u00f3n, la cooperaci\u00f3n y la promoci\u00f3n.\",\"potentialAction\":[{\"@type\":\"SearchAction\",\"target\":{\"@type\":\"EntryPoint\",\"urlTemplate\":\"https:\/\/mlcluster.com\/?s={search_term_string}\"},\"query-input\":{\"@type\":\"PropertyValueSpecification\",\"valueRequired\":true,\"valueName\":\"search_term_string\"}}],\"inLanguage\":\"en-US\"},{\"@type\":\"Person\",\"@id\":\"https:\/\/mlcluster.com\/#\/schema\/person\/78923a2ee1515b546802b89a1d16a7a6\",\"name\":\"mlcluster\"}]}<\/script>\n<!-- \/ Yoast SEO plugin. -->","yoast_head_json":{"title":"AR Racking. Nuevo gerente general en Chile - Basque Country Mobility and Logistics Cluster","robots":{"index":"index","follow":"follow","max-snippet":"max-snippet:-1","max-image-preview":"max-image-preview:large","max-video-preview":"max-video-preview:-1"},"canonical":"https:\/\/mlcluster.com\/ar-racking-nuevo-gerente-general-en-chile\/","og_locale":"en_US","og_type":"article","og_title":"AR Racking. Nuevo gerente general en Chile - Basque Country Mobility and Logistics Cluster","og_description":"AR Racking anuncia la nueva posici\u00f3n de Josu\u00e9 Gonzalez, como nuevo gerente de la delegaci\u00f3n de Chile. Tras cuatro a\u00f1os en la compa\u00f1\u00eda y catorce de trayectoria en el sector, Gonz\u00e1lez ha liderado trabajos clave para proyectos estrat\u00e9gicos en el mercado chileno. Su nombramiento refuerza el compromiso de la empresa con el desarrollo interno del&hellip;","og_url":"https:\/\/mlcluster.com\/ar-racking-nuevo-gerente-general-en-chile\/","og_site_name":"Basque Country Mobility and Logistics Cluster","article_published_time":"2025-02-17T07:20:54+00:00","article_modified_time":"2025-03-03T07:32:28+00:00","author":"mlcluster","twitter_card":"summary_large_image","twitter_misc":{"Written by":"mlcluster"},"schema":{"@context":"https:\/\/schema.org","@graph":[{"@type":"WebPage","@id":"https:\/\/mlcluster.com\/ar-racking-nuevo-gerente-general-en-chile\/","url":"https:\/\/mlcluster.com\/ar-racking-nuevo-gerente-general-en-chile\/","name":"AR Racking. Nuevo gerente general en Chile - Basque Country Mobility and Logistics Cluster","isPartOf":{"@id":"https:\/\/mlcluster.com\/#website"},"datePublished":"2025-02-17T07:20:54+00:00","dateModified":"2025-03-03T07:32:28+00:00","author":{"@id":"https:\/\/mlcluster.com\/#\/schema\/person\/78923a2ee1515b546802b89a1d16a7a6"},"breadcrumb":{"@id":"https:\/\/mlcluster.com\/ar-racking-nuevo-gerente-general-en-chile\/#breadcrumb"},"inLanguage":"en-US","potentialAction":[{"@type":"ReadAction","target":["https:\/\/mlcluster.com\/ar-racking-nuevo-gerente-general-en-chile\/"]}]},{"@type":"BreadcrumbList","@id":"https:\/\/mlcluster.com\/ar-racking-nuevo-gerente-general-en-chile\/#breadcrumb","itemListElement":[{"@type":"ListItem","position":1,"name":"Portada","item":"https:\/\/mlcluster.com\/en\/"},{"@type":"ListItem","position":2,"name":"AR Racking. Nuevo gerente general en Chile"}]},{"@type":"WebSite","@id":"https:\/\/mlcluster.com\/#website","url":"https:\/\/mlcluster.com\/","name":"Basque Country Mobility and Logistics Cluster","description":"Asociaci\u00f3n de empresas de Movilidad y Log\u00edstica del Pa\u00eds Vasco cuya misi\u00f3n es favorecer la competitividad impulsando la innovaci\u00f3n, la cooperaci\u00f3n y la promoci\u00f3n.","potentialAction":[{"@type":"SearchAction","target":{"@type":"EntryPoint","urlTemplate":"https:\/\/mlcluster.com\/?s={search_term_string}"},"query-input":{"@type":"PropertyValueSpecification","valueRequired":true,"valueName":"search_term_string"}}],"inLanguage":"en-US"},{"@type":"Person","@id":"https:\/\/mlcluster.com\/#\/schema\/person\/78923a2ee1515b546802b89a1d16a7a6","name":"mlcluster"}]}},"_links":{"self":[{"href":"https:\/\/mlcluster.com\/en\/wp-json\/wp\/v2\/posts\/378616"}],"collection":[{"href":"https:\/\/mlcluster.com\/en\/wp-json\/wp\/v2\/posts"}],"about":[{"href":"https:\/\/mlcluster.com\/en\/wp-json\/wp\/v2\/types\/post"}],"author":[{"embeddable":true,"href":"https:\/\/mlcluster.com\/en\/wp-json\/wp\/v2\/users\/3"}],"replies":[{"embeddable":true,"href":"https:\/\/mlcluster.com\/en\/wp-json\/wp\/v2\/comments?post=378616"}],"version-history":[{"count":2,"href":"https:\/\/mlcluster.com\/en\/wp-json\/wp\/v2\/posts\/378616\/revisions"}],"predecessor-version":[{"id":381123,"href":"https:\/\/mlcluster.com\/en\/wp-json\/wp\/v2\/posts\/378616\/revisions\/381123"}],"wp:attachment":[{"href":"https:\/\/mlcluster.com\/en\/wp-json\/wp\/v2\/media?parent=378616"}],"wp:term":[{"taxonomy":"category","embeddable":true,"href":"https:\/\/mlcluster.com\/en\/wp-json\/wp\/v2\/categories?post=378616"},{"taxonomy":"post_tag","embeddable":true,"href":"https:\/\/mlcluster.com\/en\/wp-json\/wp\/v2\/tags?post=378616"}],"curies":[{"name":"wp","href":"https:\/\/api.w.org\/{rel}","templated":true}]}}