{"id":144864,"date":"2015-11-02T12:36:27","date_gmt":"2015-11-02T11:36:27","guid":{"rendered":"http:\/\/www.mlcluster.com\/?p=144864"},"modified":"2021-11-24T13:29:52","modified_gmt":"2021-11-24T12:29:52","slug":"vi-congreso-its-euskadi-vehiculo-autonomo-vehiculo-conectado","status":"publish","type":"post","link":"https:\/\/mlcluster.com\/eu\/vi-congreso-its-euskadi-vehiculo-autonomo-vehiculo-conectado\/","title":{"rendered":"VI Congreso ITS Euskadi. Veh\u00edculo aut\u00f3nomo, veh\u00edculo conectado"},"content":{"rendered":"<p><!--:es--><br \/>Uno de los campos con mayor potencia en materia de Movilidad es el veh\u00edculo conectado. Los avances en las comunicaciones entre veh\u00edculos e infraestructuras, basadas en sistemas cooperativos, permiten mejorar los servicios ofrecidos y, entre ellos, hacer posible el futuro veh\u00edculo aut\u00f3nomo. Para ello, m\u00e1s all\u00e1 de las innovaciones del sector de la automoci\u00f3n, es necesario que las propias infraestructuras de transporte est\u00e9n preparadas para facilitar todos sus datos y los del tr\u00e1fico a esos veh\u00edculos, ofreciendo nuevas posibilidades, especialmente en el entorno urbano.<\/p>\n<p><P align=\"center\"><b><br \/>\n<FONT COLOR=\"#d0142c\">VI Congreso ITS Euskadi<\/font><br \/>\n6 de noviembre de 2015. <\/b><br \/>\nPalacio de Congresos Europa. Vitoria-Gasteiz<\/center><\/p>\n<p><center><\/p>\n<div data-configid=\"2412391\/30829445\" style=\"width:500px; height:355px;\" class=\"issuuembed\"><\/div>\n<p><script type=\"text\/javascript\" src=\"\/\/e.issuu.com\/embed.js\" async=\"true\"><\/script><\/center><\/p>\n<p>El <a href=\"http:\/\/www.mlcluster.com\/2015\/6-de-noviembre-vi-del-congreso-its-euskadi\/\" title=\"VI Congreso ITS Euskadi\" target=\"_blank\" rel=\"noopener\">VI Congreso ITS Euskadi <\/a>aborda esta cuesti\u00f3n en la ponencia de Manuel L\u00f3pez Villena, de <a href=\"http:\/\/www.indracompany.com\/sector\/smart-mobility\" title=\"Indra Company\" target=\"_blank\" rel=\"noopener\">Indra<\/a>. El responsable de I+D de la empresa presentar\u00e1 diferentes proyectos dentro del sector de Tr\u00e1fico y Transporte y analizar\u00e1 y expondr\u00e1  qu\u00e9 tecnolog\u00edas y sistemas de comunicaci\u00f3n generan infraestructuras inteligentes para mejoras en Movilidad, Seguridad e Informaci\u00f3n y Confort. Asimismo  ofrecer\u00e1 una visi\u00f3n de cu\u00e1les son los pr\u00f3ximos retos para conseguir un veh\u00edculo conectado con un enfoque global de V2I, I2V,V2V e I2I (comunicaci\u00f3n veh\u00edculo a infraestructura, veh\u00edculo a veh\u00edculo e infraestructura a infraestructura).<\/p>\n<p>Esta ponencia se integra en un bloque sobre ITS -Intelligent Transport Systems- para el Tr\u00e1fico, en el que tambi\u00e9n intervienen <a href=\"http:\/\/www.mlcluster.com\/2015\/vi-congreso-its-euskadi-podemos-predecir-los-atascos\/\" title=\"Deustotech - Precedir atascos\" target=\"_blank\" rel=\"noopener\">Deustotech<\/a>, <a href=\"http:\/\/www.mlcluster.com\/2015\/mas-cerca-del-vehiculo-autonomo\/\" title=\"TomTom - Veh\u00edculo aut\u00f3nomo\" target=\"_blank\" rel=\"noopener\">TomTom<\/a> y <a href=\"http:\/\/www.mlcluster.com\/2015\/vi-congreso-its-euskadi-gestion-de-incidentes-de-trafico\/\" title=\"Telvent Schneider Electric - Gesti\u00f3n incidentes Movilidad\" target=\"_blank\" rel=\"noopener\">Telvent-Schneider Electric<\/a>. El bloque finaliza con una mesa redonda en la que participan el <a href=\"http:\/\/www.trafikoa.net\" title=\"Departamento de Tr\u00e1fico - Gobierno Vasco\" target=\"_blank\" rel=\"noopener\">Departamento de Tr\u00e1fico del Gobierno Vasco<\/a>, la <a href=\"http:\/\/www.alava.net\/cs\/Satellite?cid=1193045677367&#038;language=es_ES&#038;pagename=DiputacionAlava%2FPage%2FDPA_tema\" title=\"Diputaci\u00f3n Foral de \u00c1lava\" target=\"_blank\" rel=\"noopener\">Diputaci\u00f3n Foral de \u00c1lava<\/a> y <a href=\"http:\/\/www.bidelan.com\" title=\"Bidelan\" target=\"_blank\" rel=\"noopener\">Bidelan<\/a>.<\/p>\n<p>6 de noviembre de 2015. Conoce todos los detalles durante el Congreso.<br \/>&nbsp;<!--:--><\/p>\n","protected":false},"excerpt":{"rendered":"<p>Uno de los campos con mayor potencia en materia de Movilidad es el veh\u00edculo conectado. Los avances en las comunicaciones entre veh\u00edculos e infraestructuras, basadas en sistemas cooperativos, permiten mejorar los servicios ofrecidos y, entre ellos, hacer posible el futuro veh\u00edculo aut\u00f3nomo. Para ello, m\u00e1s all\u00e1 de las innovaciones del sector de la automoci\u00f3n, es&hellip;<\/p>\n","protected":false},"author":2,"featured_media":0,"comment_status":"closed","ping_status":"open","sticky":false,"template":"","format":"standard","meta":{"footnotes":""},"categories":[5],"tags":[],"yoast_head":"<!-- This site is optimized with the Yoast SEO plugin v24.5 - https:\/\/yoast.com\/wordpress\/plugins\/seo\/ -->\n<title>VI Congreso ITS Euskadi. Veh\u00edculo aut\u00f3nomo, veh\u00edculo conectado - Euskadiko Mugikortasun eta Logistika Klusterra<\/title>\n<meta name=\"robots\" content=\"index, follow, max-snippet:-1, max-image-preview:large, max-video-preview:-1\" \/>\n<link rel=\"canonical\" href=\"https:\/\/mlcluster.com\/vi-congreso-its-euskadi-vehiculo-autonomo-vehiculo-conectado\/\" \/>\n<meta property=\"og:locale\" content=\"en_US\" \/>\n<meta property=\"og:type\" content=\"article\" \/>\n<meta property=\"og:title\" content=\"VI Congreso ITS Euskadi. Veh\u00edculo aut\u00f3nomo, veh\u00edculo conectado - Euskadiko Mugikortasun eta Logistika Klusterra\" \/>\n<meta property=\"og:description\" content=\"Uno de los campos con mayor potencia en materia de Movilidad es el veh\u00edculo conectado. Los avances en las comunicaciones entre veh\u00edculos e infraestructuras, basadas en sistemas cooperativos, permiten mejorar los servicios ofrecidos y, entre ellos, hacer posible el futuro veh\u00edculo aut\u00f3nomo. Para ello, m\u00e1s all\u00e1 de las innovaciones del sector de la automoci\u00f3n, es&hellip;\" \/>\n<meta property=\"og:url\" content=\"https:\/\/mlcluster.com\/vi-congreso-its-euskadi-vehiculo-autonomo-vehiculo-conectado\/\" \/>\n<meta property=\"og:site_name\" content=\"Euskadiko Mugikortasun eta Logistika Klusterra\" \/>\n<meta property=\"article:published_time\" content=\"2015-11-02T11:36:27+00:00\" \/>\n<meta property=\"article:modified_time\" content=\"2021-11-24T12:29:52+00:00\" \/>\n<meta name=\"author\" content=\"M\u00f3nica Fanlo\" \/>\n<meta name=\"twitter:card\" content=\"summary_large_image\" \/>\n<meta name=\"twitter:label1\" content=\"Written by\" \/>\n\t<meta name=\"twitter:data1\" content=\"M\u00f3nica Fanlo\" \/>\n\t<meta name=\"twitter:label2\" content=\"Est. reading time\" \/>\n\t<meta name=\"twitter:data2\" content=\"1 minutua\" \/>\n<script type=\"application\/ld+json\" class=\"yoast-schema-graph\">{\"@context\":\"https:\/\/schema.org\",\"@graph\":[{\"@type\":\"WebPage\",\"@id\":\"https:\/\/mlcluster.com\/vi-congreso-its-euskadi-vehiculo-autonomo-vehiculo-conectado\/\",\"url\":\"https:\/\/mlcluster.com\/vi-congreso-its-euskadi-vehiculo-autonomo-vehiculo-conectado\/\",\"name\":\"VI Congreso ITS Euskadi. Veh\u00edculo aut\u00f3nomo, veh\u00edculo conectado - Euskadiko Mugikortasun eta Logistika Klusterra\",\"isPartOf\":{\"@id\":\"https:\/\/mlcluster.com\/#website\"},\"datePublished\":\"2015-11-02T11:36:27+00:00\",\"dateModified\":\"2021-11-24T12:29:52+00:00\",\"author\":{\"@id\":\"https:\/\/mlcluster.com\/#\/schema\/person\/b86b8350d3766f30359e8d5874e50634\"},\"breadcrumb\":{\"@id\":\"https:\/\/mlcluster.com\/vi-congreso-its-euskadi-vehiculo-autonomo-vehiculo-conectado\/#breadcrumb\"},\"inLanguage\":\"eu\",\"potentialAction\":[{\"@type\":\"ReadAction\",\"target\":[\"https:\/\/mlcluster.com\/vi-congreso-its-euskadi-vehiculo-autonomo-vehiculo-conectado\/\"]}]},{\"@type\":\"BreadcrumbList\",\"@id\":\"https:\/\/mlcluster.com\/vi-congreso-its-euskadi-vehiculo-autonomo-vehiculo-conectado\/#breadcrumb\",\"itemListElement\":[{\"@type\":\"ListItem\",\"position\":1,\"name\":\"Portada\",\"item\":\"https:\/\/mlcluster.com\/eu\/\"},{\"@type\":\"ListItem\",\"position\":2,\"name\":\"VI Congreso ITS Euskadi. Veh\u00edculo aut\u00f3nomo, veh\u00edculo conectado\"}]},{\"@type\":\"WebSite\",\"@id\":\"https:\/\/mlcluster.com\/#website\",\"url\":\"https:\/\/mlcluster.com\/\",\"name\":\"Euskadiko Mugikortasun eta Logistika Klusterra\",\"description\":\"Asociaci\u00f3n de empresas de Movilidad y Log\u00edstica del Pa\u00eds Vasco cuya misi\u00f3n es favorecer la competitividad impulsando la innovaci\u00f3n, la cooperaci\u00f3n y la promoci\u00f3n.\",\"potentialAction\":[{\"@type\":\"SearchAction\",\"target\":{\"@type\":\"EntryPoint\",\"urlTemplate\":\"https:\/\/mlcluster.com\/?s={search_term_string}\"},\"query-input\":{\"@type\":\"PropertyValueSpecification\",\"valueRequired\":true,\"valueName\":\"search_term_string\"}}],\"inLanguage\":\"eu\"},{\"@type\":\"Person\",\"@id\":\"https:\/\/mlcluster.com\/#\/schema\/person\/b86b8350d3766f30359e8d5874e50634\",\"name\":\"M\u00f3nica Fanlo\"}]}<\/script>\n<!-- \/ Yoast SEO plugin. -->","yoast_head_json":{"title":"VI Congreso ITS Euskadi. Veh\u00edculo aut\u00f3nomo, veh\u00edculo conectado - Euskadiko Mugikortasun eta Logistika Klusterra","robots":{"index":"index","follow":"follow","max-snippet":"max-snippet:-1","max-image-preview":"max-image-preview:large","max-video-preview":"max-video-preview:-1"},"canonical":"https:\/\/mlcluster.com\/vi-congreso-its-euskadi-vehiculo-autonomo-vehiculo-conectado\/","og_locale":"en_US","og_type":"article","og_title":"VI Congreso ITS Euskadi. Veh\u00edculo aut\u00f3nomo, veh\u00edculo conectado - Euskadiko Mugikortasun eta Logistika Klusterra","og_description":"Uno de los campos con mayor potencia en materia de Movilidad es el veh\u00edculo conectado. Los avances en las comunicaciones entre veh\u00edculos e infraestructuras, basadas en sistemas cooperativos, permiten mejorar los servicios ofrecidos y, entre ellos, hacer posible el futuro veh\u00edculo aut\u00f3nomo. Para ello, m\u00e1s all\u00e1 de las innovaciones del sector de la automoci\u00f3n, es&hellip;","og_url":"https:\/\/mlcluster.com\/vi-congreso-its-euskadi-vehiculo-autonomo-vehiculo-conectado\/","og_site_name":"Euskadiko Mugikortasun eta Logistika Klusterra","article_published_time":"2015-11-02T11:36:27+00:00","article_modified_time":"2021-11-24T12:29:52+00:00","author":"M\u00f3nica Fanlo","twitter_card":"summary_large_image","twitter_misc":{"Written by":"M\u00f3nica Fanlo","Est. reading time":"1 minutua"},"schema":{"@context":"https:\/\/schema.org","@graph":[{"@type":"WebPage","@id":"https:\/\/mlcluster.com\/vi-congreso-its-euskadi-vehiculo-autonomo-vehiculo-conectado\/","url":"https:\/\/mlcluster.com\/vi-congreso-its-euskadi-vehiculo-autonomo-vehiculo-conectado\/","name":"VI Congreso ITS Euskadi. Veh\u00edculo aut\u00f3nomo, veh\u00edculo conectado - Euskadiko Mugikortasun eta Logistika Klusterra","isPartOf":{"@id":"https:\/\/mlcluster.com\/#website"},"datePublished":"2015-11-02T11:36:27+00:00","dateModified":"2021-11-24T12:29:52+00:00","author":{"@id":"https:\/\/mlcluster.com\/#\/schema\/person\/b86b8350d3766f30359e8d5874e50634"},"breadcrumb":{"@id":"https:\/\/mlcluster.com\/vi-congreso-its-euskadi-vehiculo-autonomo-vehiculo-conectado\/#breadcrumb"},"inLanguage":"eu","potentialAction":[{"@type":"ReadAction","target":["https:\/\/mlcluster.com\/vi-congreso-its-euskadi-vehiculo-autonomo-vehiculo-conectado\/"]}]},{"@type":"BreadcrumbList","@id":"https:\/\/mlcluster.com\/vi-congreso-its-euskadi-vehiculo-autonomo-vehiculo-conectado\/#breadcrumb","itemListElement":[{"@type":"ListItem","position":1,"name":"Portada","item":"https:\/\/mlcluster.com\/eu\/"},{"@type":"ListItem","position":2,"name":"VI Congreso ITS Euskadi. Veh\u00edculo aut\u00f3nomo, veh\u00edculo conectado"}]},{"@type":"WebSite","@id":"https:\/\/mlcluster.com\/#website","url":"https:\/\/mlcluster.com\/","name":"Euskadiko Mugikortasun eta Logistika Klusterra","description":"Asociaci\u00f3n de empresas de Movilidad y Log\u00edstica del Pa\u00eds Vasco cuya misi\u00f3n es favorecer la competitividad impulsando la innovaci\u00f3n, la cooperaci\u00f3n y la promoci\u00f3n.","potentialAction":[{"@type":"SearchAction","target":{"@type":"EntryPoint","urlTemplate":"https:\/\/mlcluster.com\/?s={search_term_string}"},"query-input":{"@type":"PropertyValueSpecification","valueRequired":true,"valueName":"search_term_string"}}],"inLanguage":"eu"},{"@type":"Person","@id":"https:\/\/mlcluster.com\/#\/schema\/person\/b86b8350d3766f30359e8d5874e50634","name":"M\u00f3nica Fanlo"}]}},"_links":{"self":[{"href":"https:\/\/mlcluster.com\/eu\/wp-json\/wp\/v2\/posts\/144864"}],"collection":[{"href":"https:\/\/mlcluster.com\/eu\/wp-json\/wp\/v2\/posts"}],"about":[{"href":"https:\/\/mlcluster.com\/eu\/wp-json\/wp\/v2\/types\/post"}],"author":[{"embeddable":true,"href":"https:\/\/mlcluster.com\/eu\/wp-json\/wp\/v2\/users\/2"}],"replies":[{"embeddable":true,"href":"https:\/\/mlcluster.com\/eu\/wp-json\/wp\/v2\/comments?post=144864"}],"version-history":[{"count":0,"href":"https:\/\/mlcluster.com\/eu\/wp-json\/wp\/v2\/posts\/144864\/revisions"}],"wp:attachment":[{"href":"https:\/\/mlcluster.com\/eu\/wp-json\/wp\/v2\/media?parent=144864"}],"wp:term":[{"taxonomy":"category","embeddable":true,"href":"https:\/\/mlcluster.com\/eu\/wp-json\/wp\/v2\/categories?post=144864"},{"taxonomy":"post_tag","embeddable":true,"href":"https:\/\/mlcluster.com\/eu\/wp-json\/wp\/v2\/tags?post=144864"}],"curies":[{"name":"wp","href":"https:\/\/api.w.org\/{rel}","templated":true}]}}