{"id":421092,"date":"2025-10-20T08:43:09","date_gmt":"2025-10-20T06:43:09","guid":{"rendered":"https:\/\/mlcluster.com\/?p=421092"},"modified":"2025-10-20T08:43:09","modified_gmt":"2025-10-20T06:43:09","slug":"ceit-lidera-el-proyecto-europeo-mithos-de-gestion-del-transporte-multimodal","status":"publish","type":"post","link":"https:\/\/mlcluster.com\/eu\/ceit-lidera-el-proyecto-europeo-mithos-de-gestion-del-transporte-multimodal\/","title":{"rendered":"Ceit lidera el proyecto europeo Mithos, de gesti\u00f3n del transporte multimodal"},"content":{"rendered":"<p>Ceit anuncia este proyecto europeo que lidera y cuyo objetivo es superar los retos que afronta la implantaci\u00f3n del transporte multimodal. La iniciativa desarrollar\u00e1 una plataforma inteligente en la nube para optimizar la interconexi\u00f3n de diferentes nodos de transporte. Junto a ello, el proyecto implementar\u00e1 cuatro pilotos reales en Bilbao, Hamburgo, Tesal\u00f3nica y Viena\/Linz que permitir\u00e1n validar su impacto con objetivos como reducir un 30% del tiempo medio de transporte y un 20% los costes operativos. El Ayuntamiento de Bilbao y nuestro Cl\u00faster forman parte del consorcio integrado por una decena de agentes. <a href=\"https:\/\/www.ceit.es\/noticias\/-\/contents\/15\/10\/2025\/ceit-lidera-mithos-el-nuevo-proyecto-europeo-que-transformara-la-gestion-del-transporte-multimodal\/content\/1tZ9oin6Nj8k\/192571212\">(+)<\/a><\/p>\n","protected":false},"excerpt":{"rendered":"<p>Ceit anuncia este proyecto europeo que lidera y cuyo objetivo es superar los retos que afronta la implantaci\u00f3n del transporte multimodal. La iniciativa desarrollar\u00e1 una plataforma inteligente en la nube para optimizar la interconexi\u00f3n de diferentes nodos de transporte. Junto a ello, el proyecto implementar\u00e1 cuatro pilotos reales en Bilbao, Hamburgo, Tesal\u00f3nica y Viena\/Linz que&hellip;<\/p>\n","protected":false},"author":3,"featured_media":0,"comment_status":"closed","ping_status":"closed","sticky":false,"template":"","format":"standard","meta":{"footnotes":""},"categories":[592],"tags":[],"yoast_head":"<!-- This site is optimized with the Yoast SEO plugin v24.5 - https:\/\/yoast.com\/wordpress\/plugins\/seo\/ -->\n<title>Ceit lidera el proyecto europeo Mithos, de gesti\u00f3n del transporte multimodal - Euskadiko Mugikortasun eta Logistika Klusterra<\/title>\n<meta name=\"robots\" content=\"index, follow, max-snippet:-1, max-image-preview:large, max-video-preview:-1\" \/>\n<link rel=\"canonical\" href=\"https:\/\/mlcluster.com\/ceit-lidera-el-proyecto-europeo-mithos-de-gestion-del-transporte-multimodal\/\" \/>\n<meta property=\"og:locale\" content=\"en_US\" \/>\n<meta property=\"og:type\" content=\"article\" \/>\n<meta property=\"og:title\" content=\"Ceit lidera el proyecto europeo Mithos, de gesti\u00f3n del transporte multimodal - Euskadiko Mugikortasun eta Logistika Klusterra\" \/>\n<meta property=\"og:description\" content=\"Ceit anuncia este proyecto europeo que lidera y cuyo objetivo es superar los retos que afronta la implantaci\u00f3n del transporte multimodal. La iniciativa desarrollar\u00e1 una plataforma inteligente en la nube para optimizar la interconexi\u00f3n de diferentes nodos de transporte. Junto a ello, el proyecto implementar\u00e1 cuatro pilotos reales en Bilbao, Hamburgo, Tesal\u00f3nica y Viena\/Linz que&hellip;\" \/>\n<meta property=\"og:url\" content=\"https:\/\/mlcluster.com\/ceit-lidera-el-proyecto-europeo-mithos-de-gestion-del-transporte-multimodal\/\" \/>\n<meta property=\"og:site_name\" content=\"Euskadiko Mugikortasun eta Logistika Klusterra\" \/>\n<meta property=\"article:published_time\" content=\"2025-10-20T06:43:09+00:00\" \/>\n<meta name=\"author\" content=\"mlcluster\" \/>\n<meta name=\"twitter:card\" content=\"summary_large_image\" \/>\n<meta name=\"twitter:label1\" content=\"Written by\" \/>\n\t<meta name=\"twitter:data1\" content=\"mlcluster\" \/>\n<script type=\"application\/ld+json\" class=\"yoast-schema-graph\">{\"@context\":\"https:\/\/schema.org\",\"@graph\":[{\"@type\":\"WebPage\",\"@id\":\"https:\/\/mlcluster.com\/ceit-lidera-el-proyecto-europeo-mithos-de-gestion-del-transporte-multimodal\/\",\"url\":\"https:\/\/mlcluster.com\/ceit-lidera-el-proyecto-europeo-mithos-de-gestion-del-transporte-multimodal\/\",\"name\":\"Ceit lidera el proyecto europeo Mithos, de gesti\u00f3n del transporte multimodal - Euskadiko Mugikortasun eta Logistika Klusterra\",\"isPartOf\":{\"@id\":\"https:\/\/mlcluster.com\/#website\"},\"datePublished\":\"2025-10-20T06:43:09+00:00\",\"author\":{\"@id\":\"https:\/\/mlcluster.com\/#\/schema\/person\/78923a2ee1515b546802b89a1d16a7a6\"},\"breadcrumb\":{\"@id\":\"https:\/\/mlcluster.com\/ceit-lidera-el-proyecto-europeo-mithos-de-gestion-del-transporte-multimodal\/#breadcrumb\"},\"inLanguage\":\"eu\",\"potentialAction\":[{\"@type\":\"ReadAction\",\"target\":[\"https:\/\/mlcluster.com\/ceit-lidera-el-proyecto-europeo-mithos-de-gestion-del-transporte-multimodal\/\"]}]},{\"@type\":\"BreadcrumbList\",\"@id\":\"https:\/\/mlcluster.com\/ceit-lidera-el-proyecto-europeo-mithos-de-gestion-del-transporte-multimodal\/#breadcrumb\",\"itemListElement\":[{\"@type\":\"ListItem\",\"position\":1,\"name\":\"Portada\",\"item\":\"https:\/\/mlcluster.com\/eu\/\"},{\"@type\":\"ListItem\",\"position\":2,\"name\":\"Ceit lidera el proyecto europeo Mithos, de gesti\u00f3n del transporte multimodal\"}]},{\"@type\":\"WebSite\",\"@id\":\"https:\/\/mlcluster.com\/#website\",\"url\":\"https:\/\/mlcluster.com\/\",\"name\":\"Euskadiko Mugikortasun eta Logistika Klusterra\",\"description\":\"Asociaci\u00f3n de empresas de Movilidad y Log\u00edstica del Pa\u00eds Vasco cuya misi\u00f3n es favorecer la competitividad impulsando la innovaci\u00f3n, la cooperaci\u00f3n y la promoci\u00f3n.\",\"potentialAction\":[{\"@type\":\"SearchAction\",\"target\":{\"@type\":\"EntryPoint\",\"urlTemplate\":\"https:\/\/mlcluster.com\/?s={search_term_string}\"},\"query-input\":{\"@type\":\"PropertyValueSpecification\",\"valueRequired\":true,\"valueName\":\"search_term_string\"}}],\"inLanguage\":\"eu\"},{\"@type\":\"Person\",\"@id\":\"https:\/\/mlcluster.com\/#\/schema\/person\/78923a2ee1515b546802b89a1d16a7a6\",\"name\":\"mlcluster\"}]}<\/script>\n<!-- \/ Yoast SEO plugin. -->","yoast_head_json":{"title":"Ceit lidera el proyecto europeo Mithos, de gesti\u00f3n del transporte multimodal - Euskadiko Mugikortasun eta Logistika Klusterra","robots":{"index":"index","follow":"follow","max-snippet":"max-snippet:-1","max-image-preview":"max-image-preview:large","max-video-preview":"max-video-preview:-1"},"canonical":"https:\/\/mlcluster.com\/ceit-lidera-el-proyecto-europeo-mithos-de-gestion-del-transporte-multimodal\/","og_locale":"en_US","og_type":"article","og_title":"Ceit lidera el proyecto europeo Mithos, de gesti\u00f3n del transporte multimodal - Euskadiko Mugikortasun eta Logistika Klusterra","og_description":"Ceit anuncia este proyecto europeo que lidera y cuyo objetivo es superar los retos que afronta la implantaci\u00f3n del transporte multimodal. La iniciativa desarrollar\u00e1 una plataforma inteligente en la nube para optimizar la interconexi\u00f3n de diferentes nodos de transporte. Junto a ello, el proyecto implementar\u00e1 cuatro pilotos reales en Bilbao, Hamburgo, Tesal\u00f3nica y Viena\/Linz que&hellip;","og_url":"https:\/\/mlcluster.com\/ceit-lidera-el-proyecto-europeo-mithos-de-gestion-del-transporte-multimodal\/","og_site_name":"Euskadiko Mugikortasun eta Logistika Klusterra","article_published_time":"2025-10-20T06:43:09+00:00","author":"mlcluster","twitter_card":"summary_large_image","twitter_misc":{"Written by":"mlcluster"},"schema":{"@context":"https:\/\/schema.org","@graph":[{"@type":"WebPage","@id":"https:\/\/mlcluster.com\/ceit-lidera-el-proyecto-europeo-mithos-de-gestion-del-transporte-multimodal\/","url":"https:\/\/mlcluster.com\/ceit-lidera-el-proyecto-europeo-mithos-de-gestion-del-transporte-multimodal\/","name":"Ceit lidera el proyecto europeo Mithos, de gesti\u00f3n del transporte multimodal - Euskadiko Mugikortasun eta Logistika Klusterra","isPartOf":{"@id":"https:\/\/mlcluster.com\/#website"},"datePublished":"2025-10-20T06:43:09+00:00","author":{"@id":"https:\/\/mlcluster.com\/#\/schema\/person\/78923a2ee1515b546802b89a1d16a7a6"},"breadcrumb":{"@id":"https:\/\/mlcluster.com\/ceit-lidera-el-proyecto-europeo-mithos-de-gestion-del-transporte-multimodal\/#breadcrumb"},"inLanguage":"eu","potentialAction":[{"@type":"ReadAction","target":["https:\/\/mlcluster.com\/ceit-lidera-el-proyecto-europeo-mithos-de-gestion-del-transporte-multimodal\/"]}]},{"@type":"BreadcrumbList","@id":"https:\/\/mlcluster.com\/ceit-lidera-el-proyecto-europeo-mithos-de-gestion-del-transporte-multimodal\/#breadcrumb","itemListElement":[{"@type":"ListItem","position":1,"name":"Portada","item":"https:\/\/mlcluster.com\/eu\/"},{"@type":"ListItem","position":2,"name":"Ceit lidera el proyecto europeo Mithos, de gesti\u00f3n del transporte multimodal"}]},{"@type":"WebSite","@id":"https:\/\/mlcluster.com\/#website","url":"https:\/\/mlcluster.com\/","name":"Euskadiko Mugikortasun eta Logistika Klusterra","description":"Asociaci\u00f3n de empresas de Movilidad y Log\u00edstica del Pa\u00eds Vasco cuya misi\u00f3n es favorecer la competitividad impulsando la innovaci\u00f3n, la cooperaci\u00f3n y la promoci\u00f3n.","potentialAction":[{"@type":"SearchAction","target":{"@type":"EntryPoint","urlTemplate":"https:\/\/mlcluster.com\/?s={search_term_string}"},"query-input":{"@type":"PropertyValueSpecification","valueRequired":true,"valueName":"search_term_string"}}],"inLanguage":"eu"},{"@type":"Person","@id":"https:\/\/mlcluster.com\/#\/schema\/person\/78923a2ee1515b546802b89a1d16a7a6","name":"mlcluster"}]}},"_links":{"self":[{"href":"https:\/\/mlcluster.com\/eu\/wp-json\/wp\/v2\/posts\/421092"}],"collection":[{"href":"https:\/\/mlcluster.com\/eu\/wp-json\/wp\/v2\/posts"}],"about":[{"href":"https:\/\/mlcluster.com\/eu\/wp-json\/wp\/v2\/types\/post"}],"author":[{"embeddable":true,"href":"https:\/\/mlcluster.com\/eu\/wp-json\/wp\/v2\/users\/3"}],"replies":[{"embeddable":true,"href":"https:\/\/mlcluster.com\/eu\/wp-json\/wp\/v2\/comments?post=421092"}],"version-history":[{"count":1,"href":"https:\/\/mlcluster.com\/eu\/wp-json\/wp\/v2\/posts\/421092\/revisions"}],"predecessor-version":[{"id":421093,"href":"https:\/\/mlcluster.com\/eu\/wp-json\/wp\/v2\/posts\/421092\/revisions\/421093"}],"wp:attachment":[{"href":"https:\/\/mlcluster.com\/eu\/wp-json\/wp\/v2\/media?parent=421092"}],"wp:term":[{"taxonomy":"category","embeddable":true,"href":"https:\/\/mlcluster.com\/eu\/wp-json\/wp\/v2\/categories?post=421092"},{"taxonomy":"post_tag","embeddable":true,"href":"https:\/\/mlcluster.com\/eu\/wp-json\/wp\/v2\/tags?post=421092"}],"curies":[{"name":"wp","href":"https:\/\/api.w.org\/{rel}","templated":true}]}}