{"id":454740,"date":"2026-04-29T16:17:28","date_gmt":"2026-04-29T14:17:28","guid":{"rendered":"https:\/\/mlcluster.com\/?p=454740"},"modified":"2026-04-29T17:26:45","modified_gmt":"2026-04-29T15:26:45","slug":"el-cluster-de-movilidad-y-logistica-de-euskadi-refuerza-su-proyeccion-internacional-en-el-congreso-its-europa-celebrado-en-estambul","status":"publish","type":"post","link":"https:\/\/mlcluster.com\/eu\/el-cluster-de-movilidad-y-logistica-de-euskadi-refuerza-su-proyeccion-internacional-en-el-congreso-its-europa-celebrado-en-estambul\/","title":{"rendered":"El Cl\u00faster de Movilidad y Log\u00edstica de Euskadi refuerza su proyecci\u00f3n internacional en el Congreso ITS Europa celebrado en Estambul"},"content":{"rendered":"<p>El Cl\u00faster de Movilidad y Log\u00edstica de Euskadi ha participado en el <a href=\"https:\/\/2026.itseuropeancongress.com\/its-istanbul\">Congreso ITS Europa<\/a>, una de las principales citas internacionales del sector de los sistemas inteligentes de transporte (ITS, por sus siglas en ingl\u00e9s, Intelligent Transport Systems). Celebrado del 27 al 29 de abril en Estambul, este foro ha permitido poner en valor las capacidades del ecosistema vasco y consolidar su posicionamiento como referente en movilidad avanzada.<\/p>\n<p>En el marco del congreso, el Cl\u00faster ha contado con un espacio expositivo en un stand compartido junto a otras agrupaciones ITS europeas, entre ellas, las de de Noruega, Serbia, Letonia y Polonia, as\u00ed como Ertico, organizador del congreso. Este espacio ha servido como punto de encuentro para dar a conocer las iniciativas y proyectos desarrollados en Euskadi, y para establecer contacto con otros agentes internacionales del sector.<\/p>\n<p>Durante el evento, el stand ha recibido la visita de diversas empresas turcas interesadas en conocer el ecosistema vasco de movilidad y log\u00edstica, lo que abre nuevas oportunidades de colaboraci\u00f3n y desarrollo de iniciativas conjuntas en el \u00e1mbito internacional.<\/p>\n<p>Uno de los hitos de la participaci\u00f3n del Cl\u00faster en el congreso ha sido la presentaci\u00f3n de un paper sobre los corredores conectados Bizkaia Connected Corridor y Gipuzkoa Living Lab, desplegados sobre las autopistas AP-8 y AP-1, que permiten probar infraestructuras inteligentes y tecnolog\u00edas pioneras de movilidad aut\u00f3noma, conectada y cooperativa (CCAM). La ponencia se enmarcaba en una sesi\u00f3n sobre despliegues a gran escala de sistemas cooperativos C-ITS orientados a una movilidad m\u00e1s sostenible y segura. La intervenci\u00f3n corr\u00eda a cargo de Ceit, que presentaba ambas actuaciones en representaci\u00f3n de las entidades involucradas en su desarrollo.<\/p>\n<p>La agenda se completaba con la participaci\u00f3n en visitas t\u00e9cnicas y diversas sesiones de trabajo que han permitido profundizar en el conocimiento de iniciativas punteras en movilidad inteligente, as\u00ed como estrechar relaciones con otras asociaciones ITS europeas.<\/p>\n<p>Cabe destacar, adem\u00e1s, que el Cl\u00faster de Movilidad y Log\u00edstica de Euskadi forma parte de las entidades colaboradoras del Congreso ITS Europa, reforzando as\u00ed su papel activo dentro de este relevante foro internacional.<\/p>\n<p>Con esta participaci\u00f3n, el Cl\u00faster contin\u00faa impulsando la internacionalizaci\u00f3n del sector vasco de la movilidad y la log\u00edstica, promoviendo la visibilidad de sus capacidades tecnol\u00f3gicas e industriales y fomentando nuevas oportunidades de cooperaci\u00f3n en el \u00e1mbito europeo.<\/p>\n","protected":false},"excerpt":{"rendered":"<p>El Cl\u00faster de Movilidad y Log\u00edstica de Euskadi ha participado en el Congreso ITS Europa, una de las principales citas internacionales del sector de los sistemas inteligentes de transporte (ITS, por sus siglas en ingl\u00e9s, Intelligent Transport Systems). Celebrado del 27 al 29 de abril en Estambul, este foro ha permitido poner en valor las&hellip;<\/p>\n","protected":false},"author":2,"featured_media":454741,"comment_status":"closed","ping_status":"closed","sticky":false,"template":"","format":"standard","meta":{"footnotes":""},"categories":[5],"tags":[],"yoast_head":"<!-- This site is optimized with the Yoast SEO plugin v24.5 - https:\/\/yoast.com\/wordpress\/plugins\/seo\/ -->\n<title>El Cl\u00faster de Movilidad y Log\u00edstica de Euskadi refuerza su proyecci\u00f3n internacional en el Congreso ITS Europa celebrado en Estambul - Euskadiko Mugikortasun eta Logistika Klusterra<\/title>\n<meta name=\"robots\" content=\"index, follow, max-snippet:-1, max-image-preview:large, max-video-preview:-1\" \/>\n<link rel=\"canonical\" href=\"https:\/\/mlcluster.com\/el-cluster-de-movilidad-y-logistica-de-euskadi-refuerza-su-proyeccion-internacional-en-el-congreso-its-europa-celebrado-en-estambul\/\" \/>\n<meta property=\"og:locale\" content=\"en_US\" \/>\n<meta property=\"og:type\" content=\"article\" \/>\n<meta property=\"og:title\" content=\"El Cl\u00faster de Movilidad y Log\u00edstica de Euskadi refuerza su proyecci\u00f3n internacional en el Congreso ITS Europa celebrado en Estambul - Euskadiko Mugikortasun eta Logistika Klusterra\" \/>\n<meta property=\"og:description\" content=\"El Cl\u00faster de Movilidad y Log\u00edstica de Euskadi ha participado en el Congreso ITS Europa, una de las principales citas internacionales del sector de los sistemas inteligentes de transporte (ITS, por sus siglas en ingl\u00e9s, Intelligent Transport Systems). Celebrado del 27 al 29 de abril en Estambul, este foro ha permitido poner en valor las&hellip;\" \/>\n<meta property=\"og:url\" content=\"https:\/\/mlcluster.com\/el-cluster-de-movilidad-y-logistica-de-euskadi-refuerza-su-proyeccion-internacional-en-el-congreso-its-europa-celebrado-en-estambul\/\" \/>\n<meta property=\"og:site_name\" content=\"Euskadiko Mugikortasun eta Logistika Klusterra\" \/>\n<meta property=\"article:published_time\" content=\"2026-04-29T14:17:28+00:00\" \/>\n<meta property=\"article:modified_time\" content=\"2026-04-29T15:26:45+00:00\" \/>\n<meta property=\"og:image\" content=\"https:\/\/mlcluster.com\/wp-content\/uploads\/2026\/04\/55233821793_eb75890673_c.jpg\" \/>\n\t<meta property=\"og:image:width\" content=\"602\" \/>\n\t<meta property=\"og:image:height\" content=\"800\" \/>\n\t<meta property=\"og:image:type\" content=\"image\/jpeg\" \/>\n<meta name=\"author\" content=\"M\u00f3nica Fanlo\" \/>\n<meta name=\"twitter:card\" content=\"summary_large_image\" \/>\n<meta name=\"twitter:label1\" content=\"Written by\" \/>\n\t<meta name=\"twitter:data1\" content=\"M\u00f3nica Fanlo\" \/>\n\t<meta name=\"twitter:label2\" content=\"Est. reading time\" \/>\n\t<meta name=\"twitter:data2\" content=\"2 minutua\" \/>\n<script type=\"application\/ld+json\" class=\"yoast-schema-graph\">{\"@context\":\"https:\/\/schema.org\",\"@graph\":[{\"@type\":\"WebPage\",\"@id\":\"https:\/\/mlcluster.com\/el-cluster-de-movilidad-y-logistica-de-euskadi-refuerza-su-proyeccion-internacional-en-el-congreso-its-europa-celebrado-en-estambul\/\",\"url\":\"https:\/\/mlcluster.com\/el-cluster-de-movilidad-y-logistica-de-euskadi-refuerza-su-proyeccion-internacional-en-el-congreso-its-europa-celebrado-en-estambul\/\",\"name\":\"El Cl\u00faster de Movilidad y Log\u00edstica de Euskadi refuerza su proyecci\u00f3n internacional en el Congreso ITS Europa celebrado en Estambul - Euskadiko Mugikortasun eta Logistika Klusterra\",\"isPartOf\":{\"@id\":\"https:\/\/mlcluster.com\/#website\"},\"primaryImageOfPage\":{\"@id\":\"https:\/\/mlcluster.com\/el-cluster-de-movilidad-y-logistica-de-euskadi-refuerza-su-proyeccion-internacional-en-el-congreso-its-europa-celebrado-en-estambul\/#primaryimage\"},\"image\":{\"@id\":\"https:\/\/mlcluster.com\/el-cluster-de-movilidad-y-logistica-de-euskadi-refuerza-su-proyeccion-internacional-en-el-congreso-its-europa-celebrado-en-estambul\/#primaryimage\"},\"thumbnailUrl\":\"https:\/\/mlcluster.com\/wp-content\/uploads\/2026\/04\/55233821793_eb75890673_c.jpg\",\"datePublished\":\"2026-04-29T14:17:28+00:00\",\"dateModified\":\"2026-04-29T15:26:45+00:00\",\"author\":{\"@id\":\"https:\/\/mlcluster.com\/#\/schema\/person\/b86b8350d3766f30359e8d5874e50634\"},\"breadcrumb\":{\"@id\":\"https:\/\/mlcluster.com\/el-cluster-de-movilidad-y-logistica-de-euskadi-refuerza-su-proyeccion-internacional-en-el-congreso-its-europa-celebrado-en-estambul\/#breadcrumb\"},\"inLanguage\":\"eu\",\"potentialAction\":[{\"@type\":\"ReadAction\",\"target\":[\"https:\/\/mlcluster.com\/el-cluster-de-movilidad-y-logistica-de-euskadi-refuerza-su-proyeccion-internacional-en-el-congreso-its-europa-celebrado-en-estambul\/\"]}]},{\"@type\":\"ImageObject\",\"inLanguage\":\"eu\",\"@id\":\"https:\/\/mlcluster.com\/el-cluster-de-movilidad-y-logistica-de-euskadi-refuerza-su-proyeccion-internacional-en-el-congreso-its-europa-celebrado-en-estambul\/#primaryimage\",\"url\":\"https:\/\/mlcluster.com\/wp-content\/uploads\/2026\/04\/55233821793_eb75890673_c.jpg\",\"contentUrl\":\"https:\/\/mlcluster.com\/wp-content\/uploads\/2026\/04\/55233821793_eb75890673_c.jpg\",\"width\":602,\"height\":800},{\"@type\":\"BreadcrumbList\",\"@id\":\"https:\/\/mlcluster.com\/el-cluster-de-movilidad-y-logistica-de-euskadi-refuerza-su-proyeccion-internacional-en-el-congreso-its-europa-celebrado-en-estambul\/#breadcrumb\",\"itemListElement\":[{\"@type\":\"ListItem\",\"position\":1,\"name\":\"Portada\",\"item\":\"https:\/\/mlcluster.com\/eu\/\"},{\"@type\":\"ListItem\",\"position\":2,\"name\":\"El Cl\u00faster de Movilidad y Log\u00edstica de Euskadi refuerza su proyecci\u00f3n internacional en el Congreso ITS Europa celebrado en Estambul\"}]},{\"@type\":\"WebSite\",\"@id\":\"https:\/\/mlcluster.com\/#website\",\"url\":\"https:\/\/mlcluster.com\/\",\"name\":\"Euskadiko Mugikortasun eta Logistika Klusterra\",\"description\":\"Asociaci\u00f3n de empresas de Movilidad y Log\u00edstica del Pa\u00eds Vasco cuya misi\u00f3n es favorecer la competitividad impulsando la innovaci\u00f3n, la cooperaci\u00f3n y la promoci\u00f3n.\",\"potentialAction\":[{\"@type\":\"SearchAction\",\"target\":{\"@type\":\"EntryPoint\",\"urlTemplate\":\"https:\/\/mlcluster.com\/?s={search_term_string}\"},\"query-input\":{\"@type\":\"PropertyValueSpecification\",\"valueRequired\":true,\"valueName\":\"search_term_string\"}}],\"inLanguage\":\"eu\"},{\"@type\":\"Person\",\"@id\":\"https:\/\/mlcluster.com\/#\/schema\/person\/b86b8350d3766f30359e8d5874e50634\",\"name\":\"M\u00f3nica Fanlo\"}]}<\/script>\n<!-- \/ Yoast SEO plugin. -->","yoast_head_json":{"title":"El Cl\u00faster de Movilidad y Log\u00edstica de Euskadi refuerza su proyecci\u00f3n internacional en el Congreso ITS Europa celebrado en Estambul - Euskadiko Mugikortasun eta Logistika Klusterra","robots":{"index":"index","follow":"follow","max-snippet":"max-snippet:-1","max-image-preview":"max-image-preview:large","max-video-preview":"max-video-preview:-1"},"canonical":"https:\/\/mlcluster.com\/el-cluster-de-movilidad-y-logistica-de-euskadi-refuerza-su-proyeccion-internacional-en-el-congreso-its-europa-celebrado-en-estambul\/","og_locale":"en_US","og_type":"article","og_title":"El Cl\u00faster de Movilidad y Log\u00edstica de Euskadi refuerza su proyecci\u00f3n internacional en el Congreso ITS Europa celebrado en Estambul - Euskadiko Mugikortasun eta Logistika Klusterra","og_description":"El Cl\u00faster de Movilidad y Log\u00edstica de Euskadi ha participado en el Congreso ITS Europa, una de las principales citas internacionales del sector de los sistemas inteligentes de transporte (ITS, por sus siglas en ingl\u00e9s, Intelligent Transport Systems). Celebrado del 27 al 29 de abril en Estambul, este foro ha permitido poner en valor las&hellip;","og_url":"https:\/\/mlcluster.com\/el-cluster-de-movilidad-y-logistica-de-euskadi-refuerza-su-proyeccion-internacional-en-el-congreso-its-europa-celebrado-en-estambul\/","og_site_name":"Euskadiko Mugikortasun eta Logistika Klusterra","article_published_time":"2026-04-29T14:17:28+00:00","article_modified_time":"2026-04-29T15:26:45+00:00","og_image":[{"width":602,"height":800,"url":"https:\/\/mlcluster.com\/wp-content\/uploads\/2026\/04\/55233821793_eb75890673_c.jpg","type":"image\/jpeg"}],"author":"M\u00f3nica Fanlo","twitter_card":"summary_large_image","twitter_misc":{"Written by":"M\u00f3nica Fanlo","Est. reading time":"2 minutua"},"schema":{"@context":"https:\/\/schema.org","@graph":[{"@type":"WebPage","@id":"https:\/\/mlcluster.com\/el-cluster-de-movilidad-y-logistica-de-euskadi-refuerza-su-proyeccion-internacional-en-el-congreso-its-europa-celebrado-en-estambul\/","url":"https:\/\/mlcluster.com\/el-cluster-de-movilidad-y-logistica-de-euskadi-refuerza-su-proyeccion-internacional-en-el-congreso-its-europa-celebrado-en-estambul\/","name":"El Cl\u00faster de Movilidad y Log\u00edstica de Euskadi refuerza su proyecci\u00f3n internacional en el Congreso ITS Europa celebrado en Estambul - Euskadiko Mugikortasun eta Logistika Klusterra","isPartOf":{"@id":"https:\/\/mlcluster.com\/#website"},"primaryImageOfPage":{"@id":"https:\/\/mlcluster.com\/el-cluster-de-movilidad-y-logistica-de-euskadi-refuerza-su-proyeccion-internacional-en-el-congreso-its-europa-celebrado-en-estambul\/#primaryimage"},"image":{"@id":"https:\/\/mlcluster.com\/el-cluster-de-movilidad-y-logistica-de-euskadi-refuerza-su-proyeccion-internacional-en-el-congreso-its-europa-celebrado-en-estambul\/#primaryimage"},"thumbnailUrl":"https:\/\/mlcluster.com\/wp-content\/uploads\/2026\/04\/55233821793_eb75890673_c.jpg","datePublished":"2026-04-29T14:17:28+00:00","dateModified":"2026-04-29T15:26:45+00:00","author":{"@id":"https:\/\/mlcluster.com\/#\/schema\/person\/b86b8350d3766f30359e8d5874e50634"},"breadcrumb":{"@id":"https:\/\/mlcluster.com\/el-cluster-de-movilidad-y-logistica-de-euskadi-refuerza-su-proyeccion-internacional-en-el-congreso-its-europa-celebrado-en-estambul\/#breadcrumb"},"inLanguage":"eu","potentialAction":[{"@type":"ReadAction","target":["https:\/\/mlcluster.com\/el-cluster-de-movilidad-y-logistica-de-euskadi-refuerza-su-proyeccion-internacional-en-el-congreso-its-europa-celebrado-en-estambul\/"]}]},{"@type":"ImageObject","inLanguage":"eu","@id":"https:\/\/mlcluster.com\/el-cluster-de-movilidad-y-logistica-de-euskadi-refuerza-su-proyeccion-internacional-en-el-congreso-its-europa-celebrado-en-estambul\/#primaryimage","url":"https:\/\/mlcluster.com\/wp-content\/uploads\/2026\/04\/55233821793_eb75890673_c.jpg","contentUrl":"https:\/\/mlcluster.com\/wp-content\/uploads\/2026\/04\/55233821793_eb75890673_c.jpg","width":602,"height":800},{"@type":"BreadcrumbList","@id":"https:\/\/mlcluster.com\/el-cluster-de-movilidad-y-logistica-de-euskadi-refuerza-su-proyeccion-internacional-en-el-congreso-its-europa-celebrado-en-estambul\/#breadcrumb","itemListElement":[{"@type":"ListItem","position":1,"name":"Portada","item":"https:\/\/mlcluster.com\/eu\/"},{"@type":"ListItem","position":2,"name":"El Cl\u00faster de Movilidad y Log\u00edstica de Euskadi refuerza su proyecci\u00f3n internacional en el Congreso ITS Europa celebrado en Estambul"}]},{"@type":"WebSite","@id":"https:\/\/mlcluster.com\/#website","url":"https:\/\/mlcluster.com\/","name":"Euskadiko Mugikortasun eta Logistika Klusterra","description":"Asociaci\u00f3n de empresas de Movilidad y Log\u00edstica del Pa\u00eds Vasco cuya misi\u00f3n es favorecer la competitividad impulsando la innovaci\u00f3n, la cooperaci\u00f3n y la promoci\u00f3n.","potentialAction":[{"@type":"SearchAction","target":{"@type":"EntryPoint","urlTemplate":"https:\/\/mlcluster.com\/?s={search_term_string}"},"query-input":{"@type":"PropertyValueSpecification","valueRequired":true,"valueName":"search_term_string"}}],"inLanguage":"eu"},{"@type":"Person","@id":"https:\/\/mlcluster.com\/#\/schema\/person\/b86b8350d3766f30359e8d5874e50634","name":"M\u00f3nica Fanlo"}]}},"_links":{"self":[{"href":"https:\/\/mlcluster.com\/eu\/wp-json\/wp\/v2\/posts\/454740"}],"collection":[{"href":"https:\/\/mlcluster.com\/eu\/wp-json\/wp\/v2\/posts"}],"about":[{"href":"https:\/\/mlcluster.com\/eu\/wp-json\/wp\/v2\/types\/post"}],"author":[{"embeddable":true,"href":"https:\/\/mlcluster.com\/eu\/wp-json\/wp\/v2\/users\/2"}],"replies":[{"embeddable":true,"href":"https:\/\/mlcluster.com\/eu\/wp-json\/wp\/v2\/comments?post=454740"}],"version-history":[{"count":3,"href":"https:\/\/mlcluster.com\/eu\/wp-json\/wp\/v2\/posts\/454740\/revisions"}],"predecessor-version":[{"id":454746,"href":"https:\/\/mlcluster.com\/eu\/wp-json\/wp\/v2\/posts\/454740\/revisions\/454746"}],"wp:featuredmedia":[{"embeddable":true,"href":"https:\/\/mlcluster.com\/eu\/wp-json\/wp\/v2\/media\/454741"}],"wp:attachment":[{"href":"https:\/\/mlcluster.com\/eu\/wp-json\/wp\/v2\/media?parent=454740"}],"wp:term":[{"taxonomy":"category","embeddable":true,"href":"https:\/\/mlcluster.com\/eu\/wp-json\/wp\/v2\/categories?post=454740"},{"taxonomy":"post_tag","embeddable":true,"href":"https:\/\/mlcluster.com\/eu\/wp-json\/wp\/v2\/tags?post=454740"}],"curies":[{"name":"wp","href":"https:\/\/api.w.org\/{rel}","templated":true}]}}