{"id":48096,"date":"2012-11-23T19:08:08","date_gmt":"2012-11-23T18:08:08","guid":{"rendered":"http:\/\/www.mlcluster.com\/?p=48096"},"modified":"2012-11-23T19:08:08","modified_gmt":"2012-11-23T18:08:08","slug":"gobierno-vasco-diputacion-foral-de-gipuzkoa-y-ayuntamiento-de-eibar-en-el-iii-congreso-its-euskadi","status":"publish","type":"post","link":"https:\/\/mlcluster.com\/eu\/gobierno-vasco-diputacion-foral-de-gipuzkoa-y-ayuntamiento-de-eibar-en-el-iii-congreso-its-euskadi\/","title":{"rendered":"Gobierno Vasco, Diputaci\u00f3n Foral de Gipuzkoa y Ayuntamiento de Eibar en el III Congreso ITS Euskadi"},"content":{"rendered":"<p><!--:es--><\/br>El jueves, 22 de noviembre, se celebr\u00f3 III Congreso ITS Euskadi con la participaci\u00f3n de las empresas m\u00e1s representativas del sector de la Movilidad y los Sistemas Inteligentes de Transporte (ITS, <em>Intelligent Transport Systems<\/em>) y de las administraciones correspondientes. <\/p>\n<p>Bajo las tem\u00e1ticas sobre tarificaci\u00f3n viaria y seguridad alrededor de las cu\u00e1les giraba esta tercera edici\u00f3n, abr\u00edan el Congreso I\u00f1aki Arriola, consejero de <a href=\"http:\/\/www.garraioak.ejgv.euskadi.net\/r41-429\/es\/\">Vivienda, Obras P\u00fablicas y Transporte del Gobierno Vasco<\/a>; Larraitz Ugarte, diputada de <a href=\"http:\/\/www.gipuzkoaaldundia.net\/es\/html\/43\/363.shtml\">Movilidad e Infraestructuras Viarias de la Diputaci\u00f3n Foral de Gipuzkoa<\/a>; y Miguel de los Toyos, alcalde de <a href=\"http:\/\/www.eibar.es\/es\/\">Eibar<\/a>, localidad en la que se celebraba el evento. <\/p>\n<p>Todos destacaban el papel de las empresas del sector ITS agrupadas en MLC ITS Euskadi y su esfuerzo por la innovaci\u00f3n para conseguir una movilidad m\u00e1s segura, eficiente, confortable y limpia. <\/p>\n<p><iframe loading=\"lazy\" width=\"560\" height=\"315\" src=\"http:\/\/www.youtube.com\/embed\/videoseries?list=PLwuE1XOkPaKczwN9GwPJwcIohiLZ1Hm55&amp;hl=es_ES\" frameborder=\"0\" allowfullscreen><\/iframe><\/p>\n<p>El <a href=\"http:\/\/www.mlcluster.com\/jornadas\/congreso-its-euskadi\/\">Congreso ITS Euskadi <\/a>es una cita anual promovida y organizada por este Cl\u00faster que agrupa al <a href=\"http:\/\/www.mlcluster.com\/socios\/buscador-de-socios\/?actividad[]=1&#038;actividad[]=3#\">sector ITS en Euskadi<\/a>.<!--:--><\/p>\n","protected":false},"excerpt":{"rendered":"<p>El jueves, 22 de noviembre, se celebr\u00f3 III Congreso ITS Euskadi con la participaci\u00f3n de las empresas m\u00e1s representativas del sector de la Movilidad y los Sistemas Inteligentes de Transporte (ITS, Intelligent Transport Systems) y de las administraciones correspondientes. Bajo las tem\u00e1ticas sobre tarificaci\u00f3n viaria y seguridad alrededor de las cu\u00e1les giraba esta tercera edici\u00f3n,&hellip;<\/p>\n","protected":false},"author":1,"featured_media":0,"comment_status":"open","ping_status":"open","sticky":false,"template":"","format":"standard","meta":{"footnotes":""},"categories":[5],"tags":[474,475,78,476,477,48,200,478,40,479,73],"yoast_head":"<!-- This site is optimized with the Yoast SEO plugin v24.5 - https:\/\/yoast.com\/wordpress\/plugins\/seo\/ -->\n<title>Gobierno Vasco, Diputaci\u00f3n Foral de Gipuzkoa y Ayuntamiento de Eibar en el III Congreso ITS Euskadi - Euskadiko Mugikortasun eta Logistika Klusterra<\/title>\n<meta name=\"robots\" content=\"index, follow, max-snippet:-1, max-image-preview:large, max-video-preview:-1\" \/>\n<link rel=\"canonical\" href=\"https:\/\/mlcluster.com\/gobierno-vasco-diputacion-foral-de-gipuzkoa-y-ayuntamiento-de-eibar-en-el-iii-congreso-its-euskadi\/\" \/>\n<meta property=\"og:locale\" content=\"en_US\" \/>\n<meta property=\"og:type\" content=\"article\" \/>\n<meta property=\"og:title\" content=\"Gobierno Vasco, Diputaci\u00f3n Foral de Gipuzkoa y Ayuntamiento de Eibar en el III Congreso ITS Euskadi - Euskadiko Mugikortasun eta Logistika Klusterra\" \/>\n<meta property=\"og:description\" content=\"El jueves, 22 de noviembre, se celebr\u00f3 III Congreso ITS Euskadi con la participaci\u00f3n de las empresas m\u00e1s representativas del sector de la Movilidad y los Sistemas Inteligentes de Transporte (ITS, Intelligent Transport Systems) y de las administraciones correspondientes. Bajo las tem\u00e1ticas sobre tarificaci\u00f3n viaria y seguridad alrededor de las cu\u00e1les giraba esta tercera edici\u00f3n,&hellip;\" \/>\n<meta property=\"og:url\" content=\"https:\/\/mlcluster.com\/gobierno-vasco-diputacion-foral-de-gipuzkoa-y-ayuntamiento-de-eibar-en-el-iii-congreso-its-euskadi\/\" \/>\n<meta property=\"og:site_name\" content=\"Euskadiko Mugikortasun eta Logistika Klusterra\" \/>\n<meta property=\"article:published_time\" content=\"2012-11-23T18:08:08+00:00\" \/>\n<meta name=\"author\" content=\"mlcluster\" \/>\n<meta name=\"twitter:card\" content=\"summary_large_image\" \/>\n<meta name=\"twitter:label1\" content=\"Written by\" \/>\n\t<meta name=\"twitter:data1\" content=\"mlcluster\" \/>\n\t<meta name=\"twitter:label2\" content=\"Est. reading time\" \/>\n\t<meta name=\"twitter:data2\" content=\"1 minutua\" \/>\n<script type=\"application\/ld+json\" class=\"yoast-schema-graph\">{\"@context\":\"https:\/\/schema.org\",\"@graph\":[{\"@type\":\"WebPage\",\"@id\":\"https:\/\/mlcluster.com\/gobierno-vasco-diputacion-foral-de-gipuzkoa-y-ayuntamiento-de-eibar-en-el-iii-congreso-its-euskadi\/\",\"url\":\"https:\/\/mlcluster.com\/gobierno-vasco-diputacion-foral-de-gipuzkoa-y-ayuntamiento-de-eibar-en-el-iii-congreso-its-euskadi\/\",\"name\":\"Gobierno Vasco, Diputaci\u00f3n Foral de Gipuzkoa y Ayuntamiento de Eibar en el III Congreso ITS Euskadi - Euskadiko Mugikortasun eta Logistika Klusterra\",\"isPartOf\":{\"@id\":\"https:\/\/mlcluster.com\/#website\"},\"datePublished\":\"2012-11-23T18:08:08+00:00\",\"author\":{\"@id\":\"https:\/\/mlcluster.com\/#\/schema\/person\/e8246f648791554ad30cce7f29e90382\"},\"breadcrumb\":{\"@id\":\"https:\/\/mlcluster.com\/gobierno-vasco-diputacion-foral-de-gipuzkoa-y-ayuntamiento-de-eibar-en-el-iii-congreso-its-euskadi\/#breadcrumb\"},\"inLanguage\":\"eu\",\"potentialAction\":[{\"@type\":\"ReadAction\",\"target\":[\"https:\/\/mlcluster.com\/gobierno-vasco-diputacion-foral-de-gipuzkoa-y-ayuntamiento-de-eibar-en-el-iii-congreso-its-euskadi\/\"]}]},{\"@type\":\"BreadcrumbList\",\"@id\":\"https:\/\/mlcluster.com\/gobierno-vasco-diputacion-foral-de-gipuzkoa-y-ayuntamiento-de-eibar-en-el-iii-congreso-its-euskadi\/#breadcrumb\",\"itemListElement\":[{\"@type\":\"ListItem\",\"position\":1,\"name\":\"Portada\",\"item\":\"https:\/\/mlcluster.com\/eu\/\"},{\"@type\":\"ListItem\",\"position\":2,\"name\":\"Gobierno Vasco, Diputaci\u00f3n Foral de Gipuzkoa y Ayuntamiento de Eibar en el III Congreso ITS Euskadi\"}]},{\"@type\":\"WebSite\",\"@id\":\"https:\/\/mlcluster.com\/#website\",\"url\":\"https:\/\/mlcluster.com\/\",\"name\":\"Euskadiko Mugikortasun eta Logistika Klusterra\",\"description\":\"Asociaci\u00f3n de empresas de Movilidad y Log\u00edstica del Pa\u00eds Vasco cuya misi\u00f3n es favorecer la competitividad impulsando la innovaci\u00f3n, la cooperaci\u00f3n y la promoci\u00f3n.\",\"potentialAction\":[{\"@type\":\"SearchAction\",\"target\":{\"@type\":\"EntryPoint\",\"urlTemplate\":\"https:\/\/mlcluster.com\/?s={search_term_string}\"},\"query-input\":{\"@type\":\"PropertyValueSpecification\",\"valueRequired\":true,\"valueName\":\"search_term_string\"}}],\"inLanguage\":\"eu\"},{\"@type\":\"Person\",\"@id\":\"https:\/\/mlcluster.com\/#\/schema\/person\/e8246f648791554ad30cce7f29e90382\",\"name\":\"mlcluster\",\"sameAs\":[\"https:\/\/mlcluster.com\"]}]}<\/script>\n<!-- \/ Yoast SEO plugin. -->","yoast_head_json":{"title":"Gobierno Vasco, Diputaci\u00f3n Foral de Gipuzkoa y Ayuntamiento de Eibar en el III Congreso ITS Euskadi - Euskadiko Mugikortasun eta Logistika Klusterra","robots":{"index":"index","follow":"follow","max-snippet":"max-snippet:-1","max-image-preview":"max-image-preview:large","max-video-preview":"max-video-preview:-1"},"canonical":"https:\/\/mlcluster.com\/gobierno-vasco-diputacion-foral-de-gipuzkoa-y-ayuntamiento-de-eibar-en-el-iii-congreso-its-euskadi\/","og_locale":"en_US","og_type":"article","og_title":"Gobierno Vasco, Diputaci\u00f3n Foral de Gipuzkoa y Ayuntamiento de Eibar en el III Congreso ITS Euskadi - Euskadiko Mugikortasun eta Logistika Klusterra","og_description":"El jueves, 22 de noviembre, se celebr\u00f3 III Congreso ITS Euskadi con la participaci\u00f3n de las empresas m\u00e1s representativas del sector de la Movilidad y los Sistemas Inteligentes de Transporte (ITS, Intelligent Transport Systems) y de las administraciones correspondientes. Bajo las tem\u00e1ticas sobre tarificaci\u00f3n viaria y seguridad alrededor de las cu\u00e1les giraba esta tercera edici\u00f3n,&hellip;","og_url":"https:\/\/mlcluster.com\/gobierno-vasco-diputacion-foral-de-gipuzkoa-y-ayuntamiento-de-eibar-en-el-iii-congreso-its-euskadi\/","og_site_name":"Euskadiko Mugikortasun eta Logistika Klusterra","article_published_time":"2012-11-23T18:08:08+00:00","author":"mlcluster","twitter_card":"summary_large_image","twitter_misc":{"Written by":"mlcluster","Est. reading time":"1 minutua"},"schema":{"@context":"https:\/\/schema.org","@graph":[{"@type":"WebPage","@id":"https:\/\/mlcluster.com\/gobierno-vasco-diputacion-foral-de-gipuzkoa-y-ayuntamiento-de-eibar-en-el-iii-congreso-its-euskadi\/","url":"https:\/\/mlcluster.com\/gobierno-vasco-diputacion-foral-de-gipuzkoa-y-ayuntamiento-de-eibar-en-el-iii-congreso-its-euskadi\/","name":"Gobierno Vasco, Diputaci\u00f3n Foral de Gipuzkoa y Ayuntamiento de Eibar en el III Congreso ITS Euskadi - Euskadiko Mugikortasun eta Logistika Klusterra","isPartOf":{"@id":"https:\/\/mlcluster.com\/#website"},"datePublished":"2012-11-23T18:08:08+00:00","author":{"@id":"https:\/\/mlcluster.com\/#\/schema\/person\/e8246f648791554ad30cce7f29e90382"},"breadcrumb":{"@id":"https:\/\/mlcluster.com\/gobierno-vasco-diputacion-foral-de-gipuzkoa-y-ayuntamiento-de-eibar-en-el-iii-congreso-its-euskadi\/#breadcrumb"},"inLanguage":"eu","potentialAction":[{"@type":"ReadAction","target":["https:\/\/mlcluster.com\/gobierno-vasco-diputacion-foral-de-gipuzkoa-y-ayuntamiento-de-eibar-en-el-iii-congreso-its-euskadi\/"]}]},{"@type":"BreadcrumbList","@id":"https:\/\/mlcluster.com\/gobierno-vasco-diputacion-foral-de-gipuzkoa-y-ayuntamiento-de-eibar-en-el-iii-congreso-its-euskadi\/#breadcrumb","itemListElement":[{"@type":"ListItem","position":1,"name":"Portada","item":"https:\/\/mlcluster.com\/eu\/"},{"@type":"ListItem","position":2,"name":"Gobierno Vasco, Diputaci\u00f3n Foral de Gipuzkoa y Ayuntamiento de Eibar en el III Congreso ITS Euskadi"}]},{"@type":"WebSite","@id":"https:\/\/mlcluster.com\/#website","url":"https:\/\/mlcluster.com\/","name":"Euskadiko Mugikortasun eta Logistika Klusterra","description":"Asociaci\u00f3n de empresas de Movilidad y Log\u00edstica del Pa\u00eds Vasco cuya misi\u00f3n es favorecer la competitividad impulsando la innovaci\u00f3n, la cooperaci\u00f3n y la promoci\u00f3n.","potentialAction":[{"@type":"SearchAction","target":{"@type":"EntryPoint","urlTemplate":"https:\/\/mlcluster.com\/?s={search_term_string}"},"query-input":{"@type":"PropertyValueSpecification","valueRequired":true,"valueName":"search_term_string"}}],"inLanguage":"eu"},{"@type":"Person","@id":"https:\/\/mlcluster.com\/#\/schema\/person\/e8246f648791554ad30cce7f29e90382","name":"mlcluster","sameAs":["https:\/\/mlcluster.com"]}]}},"_links":{"self":[{"href":"https:\/\/mlcluster.com\/eu\/wp-json\/wp\/v2\/posts\/48096"}],"collection":[{"href":"https:\/\/mlcluster.com\/eu\/wp-json\/wp\/v2\/posts"}],"about":[{"href":"https:\/\/mlcluster.com\/eu\/wp-json\/wp\/v2\/types\/post"}],"author":[{"embeddable":true,"href":"https:\/\/mlcluster.com\/eu\/wp-json\/wp\/v2\/users\/1"}],"replies":[{"embeddable":true,"href":"https:\/\/mlcluster.com\/eu\/wp-json\/wp\/v2\/comments?post=48096"}],"version-history":[{"count":0,"href":"https:\/\/mlcluster.com\/eu\/wp-json\/wp\/v2\/posts\/48096\/revisions"}],"wp:attachment":[{"href":"https:\/\/mlcluster.com\/eu\/wp-json\/wp\/v2\/media?parent=48096"}],"wp:term":[{"taxonomy":"category","embeddable":true,"href":"https:\/\/mlcluster.com\/eu\/wp-json\/wp\/v2\/categories?post=48096"},{"taxonomy":"post_tag","embeddable":true,"href":"https:\/\/mlcluster.com\/eu\/wp-json\/wp\/v2\/tags?post=48096"}],"curies":[{"name":"wp","href":"https:\/\/api.w.org\/{rel}","templated":true}]}}